{"id":1152,"date":"2022-03-24T11:02:20","date_gmt":"2022-03-24T10:02:20","guid":{"rendered":"http:\/\/le-chaf.be\/?p=1152"},"modified":"2024-03-20T19:51:27","modified_gmt":"2024-03-20T18:51:27","slug":"le-chaf","status":"publish","type":"post","link":"https:\/\/le-chaf.be\/index.php\/2022\/03\/24\/le-chaf\/","title":{"rendered":"Le CHAF"},"content":{"rendered":"\n<p>Centre pour Adultes en situation de Handicap mental <\/p>\n\n\n\n<p>Si\u00e8ge social \u00e0 Farciennes, <\/p>\n\n\n\n<p>Ouvert depuis le 1er octobre 1998<\/p>\n\n\n\n<p><\/p>\n\n\n\n<ul class=\"wp-block-list\"><li>Service r\u00e9sidentiel agr\u00e9\u00e9 pour 29 b\u00e9n\u00e9ficiaires et 3 conventions nominatives<\/li><li>Centre de jour agr\u00e9\u00e9 pour 5330 points de pr\u00e9sences (moyenne de 28 b\u00e9n\u00e9ficiaires par jour)<\/li><li>Service de logements supervis\u00e9s 4 b\u00e9n\u00e9ficiaires agr\u00e9\u00e9s et 2 non subventionn\u00e9s.<\/li><\/ul>\n\n\n\n<p><\/p>\n","protected":false},"excerpt":{"rendered":"<p>Centre pour Adultes en situation de Handicap mental Si\u00e8ge social \u00e0 Farciennes, Ouvert depuis le 1er octobre 1998 Service r\u00e9sidentiel agr\u00e9\u00e9 pour 29 b\u00e9n\u00e9ficiaires et 3 conventions nominatives Centre de jour agr\u00e9\u00e9 pour 5330 points de pr\u00e9sences (moyenne de 28 b\u00e9n\u00e9ficiaires par jour) Service de logements supervis\u00e9s 4 b\u00e9n\u00e9ficiaires agr\u00e9\u00e9s et 2 non subventionn\u00e9s.<\/p>\n","protected":false},"author":1,"featured_media":1134,"comment_status":"closed","ping_status":"closed","sticky":false,"template":"","format":"standard","meta":{"footnotes":""},"categories":[8],"tags":[],"class_list":["post-1152","post","type-post","status-publish","format-standard","has-post-thumbnail","hentry","category-chaf"],"_links":{"self":[{"href":"https:\/\/le-chaf.be\/index.php\/wp-json\/wp\/v2\/posts\/1152","targetHints":{"allow":["GET"]}}],"collection":[{"href":"https:\/\/le-chaf.be\/index.php\/wp-json\/wp\/v2\/posts"}],"about":[{"href":"https:\/\/le-chaf.be\/index.php\/wp-json\/wp\/v2\/types\/post"}],"author":[{"embeddable":true,"href":"https:\/\/le-chaf.be\/index.php\/wp-json\/wp\/v2\/users\/1"}],"replies":[{"embeddable":true,"href":"https:\/\/le-chaf.be\/index.php\/wp-json\/wp\/v2\/comments?post=1152"}],"version-history":[{"count":3,"href":"https:\/\/le-chaf.be\/index.php\/wp-json\/wp\/v2\/posts\/1152\/revisions"}],"predecessor-version":[{"id":1157,"href":"https:\/\/le-chaf.be\/index.php\/wp-json\/wp\/v2\/posts\/1152\/revisions\/1157"}],"wp:featuredmedia":[{"embeddable":true,"href":"https:\/\/le-chaf.be\/index.php\/wp-json\/wp\/v2\/media\/1134"}],"wp:attachment":[{"href":"https:\/\/le-chaf.be\/index.php\/wp-json\/wp\/v2\/media?parent=1152"}],"wp:term":[{"taxonomy":"category","embeddable":true,"href":"https:\/\/le-chaf.be\/index.php\/wp-json\/wp\/v2\/categories?post=1152"},{"taxonomy":"post_tag","embeddable":true,"href":"https:\/\/le-chaf.be\/index.php\/wp-json\/wp\/v2\/tags?post=1152"}],"curies":[{"name":"wp","href":"https:\/\/api.w.org\/{rel}","templated":true}]}}