{"id":1129,"date":"2021-08-20T13:41:57","date_gmt":"2021-08-20T12:41:57","guid":{"rendered":"http:\/\/le-chaf.be\/?p=1129"},"modified":"2024-03-20T19:51:29","modified_gmt":"2024-03-20T18:51:29","slug":"le-chaf-fait-peau-neuve","status":"publish","type":"post","link":"https:\/\/le-chaf.be\/index.php\/2021\/08\/20\/le-chaf-fait-peau-neuve\/","title":{"rendered":"Le CHAF fait peau neuve !"},"content":{"rendered":"\n<p>Suite \u00e0 l&rsquo;obtention d&rsquo;un bail emphyt\u00e9otique en janvier 2020 avec la Commune de Farciennes, Le CHAF a entam\u00e9 des r\u00e9novations du b\u00e2timent existant.<\/p>\n\n\n\n<p>R\u00e9novation en cours d&rsquo;ao\u00fbt 2021 \u00e0 juin 2022<\/p>\n\n\n\n<figure class=\"wp-block-image size-thumbnail is-style-rounded\"><img loading=\"lazy\" decoding=\"async\" width=\"150\" height=\"150\" src=\"https:\/\/le-chaf.be\/wp-content\/uploads\/2021\/08\/20210811_160848-150x150.jpg\" alt=\"\" class=\"wp-image-1130\"\/><figcaption>La chaufferie du r\u00e9sidentiel change ao\u00fbt 2021<\/figcaption><\/figure>\n\n\n\n<figure class=\"wp-block-image size-thumbnail is-resized is-style-rounded\"><img loading=\"lazy\" decoding=\"async\" src=\"https:\/\/le-chaf.be\/wp-content\/uploads\/2021\/08\/20210817_092027-150x150.jpg\" alt=\"\" class=\"wp-image-1131\" width=\"216\" height=\"148\"\/><figcaption>mise en place d&rsquo;un carrelage au r\u00e9fectoire ao\u00fbt 2021<\/figcaption><\/figure>\n\n\n\n<div class=\"wp-block-columns is-layout-flex wp-container-core-columns-is-layout-9d6595d7 wp-block-columns-is-layout-flex\">\n<div class=\"wp-block-column is-layout-flow wp-block-column-is-layout-flow\" style=\"flex-basis:100%\"><\/div>\n<\/div>\n\n\n\n<figure class=\"wp-block-image size-large is-resized\"><img loading=\"lazy\" decoding=\"async\" src=\"https:\/\/le-chaf.be\/wp-content\/uploads\/2022\/09\/travaux-15-1-1024x768.jpg\" alt=\"\" class=\"wp-image-1216\" width=\"359\" height=\"269\" srcset=\"https:\/\/le-chaf.be\/wp-content\/uploads\/2022\/09\/travaux-15-1-1024x768.jpg 1024w, https:\/\/le-chaf.be\/wp-content\/uploads\/2022\/09\/travaux-15-1-300x225.jpg 300w, https:\/\/le-chaf.be\/wp-content\/uploads\/2022\/09\/travaux-15-1-768x576.jpg 768w, https:\/\/le-chaf.be\/wp-content\/uploads\/2022\/09\/travaux-15-1-1536x1152.jpg 1536w, https:\/\/le-chaf.be\/wp-content\/uploads\/2022\/09\/travaux-15-1-2048x1536.jpg 2048w, https:\/\/le-chaf.be\/wp-content\/uploads\/2022\/09\/travaux-15-1-400x300.jpg 400w\" sizes=\"auto, (max-width: 359px) 100vw, 359px\" \/><\/figure>\n\n\n\n<figure class=\"wp-block-image size-large is-resized\"><img loading=\"lazy\" decoding=\"async\" src=\"https:\/\/le-chaf.be\/wp-content\/uploads\/2022\/04\/20220408_142112-768x1024.jpg\" alt=\"\" class=\"wp-image-1197\" width=\"220\" height=\"293\" srcset=\"https:\/\/le-chaf.be\/wp-content\/uploads\/2022\/04\/20220408_142112-768x1024.jpg 768w, https:\/\/le-chaf.be\/wp-content\/uploads\/2022\/04\/20220408_142112-225x300.jpg 225w, https:\/\/le-chaf.be\/wp-content\/uploads\/2022\/04\/20220408_142112-1152x1536.jpg 1152w, https:\/\/le-chaf.be\/wp-content\/uploads\/2022\/04\/20220408_142112-1536x2048.jpg 1536w, https:\/\/le-chaf.be\/wp-content\/uploads\/2022\/04\/20220408_142112-scaled.jpg 1920w\" sizes=\"auto, (max-width: 220px) 100vw, 220px\" \/><figcaption>mars 2022 Cr\u00e9ation de 3 toilettes suppl\u00e9mentaires pour l&rsquo;\u00e9tage du service r\u00e9sidentiel<\/figcaption><\/figure>\n\n\n\n<p>mai &#8211; juin 2022<\/p>\n\n\n\n<figure class=\"wp-block-image size-large is-resized\"><img loading=\"lazy\" decoding=\"async\" src=\"https:\/\/le-chaf.be\/wp-content\/uploads\/2022\/09\/20220718_115649-1024x768.jpg\" alt=\"\" class=\"wp-image-1213\" width=\"384\" height=\"288\" srcset=\"https:\/\/le-chaf.be\/wp-content\/uploads\/2022\/09\/20220718_115649-1024x768.jpg 1024w, https:\/\/le-chaf.be\/wp-content\/uploads\/2022\/09\/20220718_115649-300x225.jpg 300w, https:\/\/le-chaf.be\/wp-content\/uploads\/2022\/09\/20220718_115649-768x576.jpg 768w, https:\/\/le-chaf.be\/wp-content\/uploads\/2022\/09\/20220718_115649-1536x1152.jpg 1536w, https:\/\/le-chaf.be\/wp-content\/uploads\/2022\/09\/20220718_115649-2048x1536.jpg 2048w, https:\/\/le-chaf.be\/wp-content\/uploads\/2022\/09\/20220718_115649-400x300.jpg 400w\" sizes=\"auto, (max-width: 384px) 100vw, 384px\" \/><figcaption>1er unit\u00e9 de vie r\u00e9alis\u00e9e &#8211; une salle de douche adapt\u00e9e<\/figcaption><\/figure>\n\n\n\n<figure class=\"wp-block-image size-large is-resized\"><img loading=\"lazy\" decoding=\"async\" src=\"https:\/\/le-chaf.be\/wp-content\/uploads\/2022\/09\/travaux-38-1024x768.jpg\" alt=\"\" class=\"wp-image-1214\" width=\"313\" height=\"235\" srcset=\"https:\/\/le-chaf.be\/wp-content\/uploads\/2022\/09\/travaux-38-1024x768.jpg 1024w, https:\/\/le-chaf.be\/wp-content\/uploads\/2022\/09\/travaux-38-300x225.jpg 300w, https:\/\/le-chaf.be\/wp-content\/uploads\/2022\/09\/travaux-38-768x576.jpg 768w, https:\/\/le-chaf.be\/wp-content\/uploads\/2022\/09\/travaux-38-1536x1152.jpg 1536w, https:\/\/le-chaf.be\/wp-content\/uploads\/2022\/09\/travaux-38-2048x1536.jpg 2048w, https:\/\/le-chaf.be\/wp-content\/uploads\/2022\/09\/travaux-38-400x300.jpg 400w\" sizes=\"auto, (max-width: 313px) 100vw, 313px\" \/><\/figure>\n\n\n\n<figure class=\"wp-block-image size-large is-resized\"><img loading=\"lazy\" decoding=\"async\" src=\"https:\/\/le-chaf.be\/wp-content\/uploads\/2022\/09\/travaux-172-1024x768.jpg\" alt=\"\" class=\"wp-image-1217\" width=\"330\" height=\"248\" srcset=\"https:\/\/le-chaf.be\/wp-content\/uploads\/2022\/09\/travaux-172-1024x768.jpg 1024w, https:\/\/le-chaf.be\/wp-content\/uploads\/2022\/09\/travaux-172-300x225.jpg 300w, https:\/\/le-chaf.be\/wp-content\/uploads\/2022\/09\/travaux-172-768x576.jpg 768w, https:\/\/le-chaf.be\/wp-content\/uploads\/2022\/09\/travaux-172-1536x1152.jpg 1536w, https:\/\/le-chaf.be\/wp-content\/uploads\/2022\/09\/travaux-172-2048x1536.jpg 2048w, https:\/\/le-chaf.be\/wp-content\/uploads\/2022\/09\/travaux-172-400x300.jpg 400w\" sizes=\"auto, (max-width: 330px) 100vw, 330px\" \/><\/figure>\n\n\n\n<p>septembre 2022 derni\u00e8re unit\u00e9 de vie r\u00e9alis\u00e9e SOL &#8211; PLAFOND &#8211; CHASSIS chang\u00e9s<\/p>\n\n\n\n<figure class=\"wp-block-image size-full is-resized\"><img loading=\"lazy\" decoding=\"async\" src=\"https:\/\/le-chaf.be\/wp-content\/uploads\/2022\/09\/201711_logo_cera-300px_0.png\" alt=\"\" class=\"wp-image-1218\" width=\"103\" height=\"103\" srcset=\"https:\/\/le-chaf.be\/wp-content\/uploads\/2022\/09\/201711_logo_cera-300px_0.png 300w, https:\/\/le-chaf.be\/wp-content\/uploads\/2022\/09\/201711_logo_cera-300px_0-150x150.png 150w\" sizes=\"auto, (max-width: 103px) 100vw, 103px\" \/><\/figure>\n\n\n\n<figure class=\"wp-block-image size-large is-resized\"><img loading=\"lazy\" decoding=\"async\" src=\"https:\/\/le-chaf.be\/wp-content\/uploads\/2022\/09\/ENGIE_logotype_solid_BLUE_RGB-1024x615.png\" alt=\"\" class=\"wp-image-1219\" width=\"145\" height=\"87\" srcset=\"https:\/\/le-chaf.be\/wp-content\/uploads\/2022\/09\/ENGIE_logotype_solid_BLUE_RGB-1024x615.png 1024w, https:\/\/le-chaf.be\/wp-content\/uploads\/2022\/09\/ENGIE_logotype_solid_BLUE_RGB-300x180.png 300w, https:\/\/le-chaf.be\/wp-content\/uploads\/2022\/09\/ENGIE_logotype_solid_BLUE_RGB-768x461.png 768w, https:\/\/le-chaf.be\/wp-content\/uploads\/2022\/09\/ENGIE_logotype_solid_BLUE_RGB-1536x922.png 1536w, https:\/\/le-chaf.be\/wp-content\/uploads\/2022\/09\/ENGIE_logotype_solid_BLUE_RGB-2048x1229.png 2048w, https:\/\/le-chaf.be\/wp-content\/uploads\/2022\/09\/ENGIE_logotype_solid_BLUE_RGB-500x300.png 500w\" sizes=\"auto, (max-width: 145px) 100vw, 145px\" \/><\/figure>\n\n\n\n<p>MERCI aux entreprises qui nous soutiennent : CERA et ENGIE pour la r\u00e9alisation des unit\u00e9s de vie<\/p>\n\n\n\n<figure class=\"wp-block-image size-full is-resized\"><img loading=\"lazy\" decoding=\"async\" src=\"https:\/\/le-chaf.be\/wp-content\/uploads\/2022\/09\/logo-UFB.png\" alt=\"\" class=\"wp-image-1220\" width=\"165\" height=\"80\" srcset=\"https:\/\/le-chaf.be\/wp-content\/uploads\/2022\/09\/logo-UFB.png 960w, https:\/\/le-chaf.be\/wp-content\/uploads\/2022\/09\/logo-UFB-300x146.png 300w, https:\/\/le-chaf.be\/wp-content\/uploads\/2022\/09\/logo-UFB-768x374.png 768w, https:\/\/le-chaf.be\/wp-content\/uploads\/2022\/09\/logo-UFB-615x300.png 615w\" sizes=\"auto, (max-width: 165px) 100vw, 165px\" \/><\/figure>\n\n\n\n<figure class=\"wp-block-image size-large is-resized\"><img loading=\"lazy\" decoding=\"async\" src=\"https:\/\/le-chaf.be\/wp-content\/uploads\/2022\/09\/20220913_085402-1024x768.jpg\" alt=\"\" class=\"wp-image-1221\" width=\"385\" height=\"289\" srcset=\"https:\/\/le-chaf.be\/wp-content\/uploads\/2022\/09\/20220913_085402-1024x768.jpg 1024w, https:\/\/le-chaf.be\/wp-content\/uploads\/2022\/09\/20220913_085402-300x225.jpg 300w, https:\/\/le-chaf.be\/wp-content\/uploads\/2022\/09\/20220913_085402-768x576.jpg 768w, https:\/\/le-chaf.be\/wp-content\/uploads\/2022\/09\/20220913_085402-1536x1152.jpg 1536w, https:\/\/le-chaf.be\/wp-content\/uploads\/2022\/09\/20220913_085402-2048x1536.jpg 2048w, https:\/\/le-chaf.be\/wp-content\/uploads\/2022\/09\/20220913_085402-400x300.jpg 400w\" sizes=\"auto, (max-width: 385px) 100vw, 385px\" \/><figcaption> septembre 2022 r\u00e9alisation de la route d&rsquo;acc\u00e8s<\/figcaption><\/figure>\n\n\n\n<p><\/p>\n","protected":false},"excerpt":{"rendered":"<p>Suite \u00e0 l&rsquo;obtention d&rsquo;un bail emphyt\u00e9otique en janvier 2020 avec la Commune de Farciennes, Le CHAF a entam\u00e9 des r\u00e9novations du b\u00e2timent existant. R\u00e9novation en cours d&rsquo;ao\u00fbt 2021 \u00e0 juin 2022 mai &#8211; juin 2022 septembre 2022 derni\u00e8re unit\u00e9 de vie r\u00e9alis\u00e9e SOL &#8211; PLAFOND &#8211; CHASSIS chang\u00e9s MERCI aux entreprises qui nous soutiennent :&hellip; <a class=\"more-link\" href=\"https:\/\/le-chaf.be\/index.php\/2021\/08\/20\/le-chaf-fait-peau-neuve\/\">Read More <span class=\"screen-reader-text\">Le CHAF fait peau neuve !<\/span><\/a><\/p>\n","protected":false},"author":1,"featured_media":0,"comment_status":"closed","ping_status":"closed","sticky":false,"template":"","format":"standard","meta":{"footnotes":""},"categories":[4,1],"tags":[],"class_list":["post-1129","post","type-post","status-publish","format-standard","hentry","category-archives","category-non-classe"],"_links":{"self":[{"href":"https:\/\/le-chaf.be\/index.php\/wp-json\/wp\/v2\/posts\/1129","targetHints":{"allow":["GET"]}}],"collection":[{"href":"https:\/\/le-chaf.be\/index.php\/wp-json\/wp\/v2\/posts"}],"about":[{"href":"https:\/\/le-chaf.be\/index.php\/wp-json\/wp\/v2\/types\/post"}],"author":[{"embeddable":true,"href":"https:\/\/le-chaf.be\/index.php\/wp-json\/wp\/v2\/users\/1"}],"replies":[{"embeddable":true,"href":"https:\/\/le-chaf.be\/index.php\/wp-json\/wp\/v2\/comments?post=1129"}],"version-history":[{"count":7,"href":"https:\/\/le-chaf.be\/index.php\/wp-json\/wp\/v2\/posts\/1129\/revisions"}],"predecessor-version":[{"id":1222,"href":"https:\/\/le-chaf.be\/index.php\/wp-json\/wp\/v2\/posts\/1129\/revisions\/1222"}],"wp:attachment":[{"href":"https:\/\/le-chaf.be\/index.php\/wp-json\/wp\/v2\/media?parent=1129"}],"wp:term":[{"taxonomy":"category","embeddable":true,"href":"https:\/\/le-chaf.be\/index.php\/wp-json\/wp\/v2\/categories?post=1129"},{"taxonomy":"post_tag","embeddable":true,"href":"https:\/\/le-chaf.be\/index.php\/wp-json\/wp\/v2\/tags?post=1129"}],"curies":[{"name":"wp","href":"https:\/\/api.w.org\/{rel}","templated":true}]}}